{"id":3034,"date":"2025-08-20T16:25:20","date_gmt":"2025-08-20T16:25:20","guid":{"rendered":"https:\/\/www.ostersjokontraktet.se\/vuoden-2026-kalastuskiintiot-onko-nyt-aika-vaikuttaa\/"},"modified":"2026-01-22T08:32:30","modified_gmt":"2026-01-22T08:32:30","slug":"vuoden-2026-kalastuskiintiot-onko-nyt-aika-vaikuttaa","status":"publish","type":"post","link":"https:\/\/www.ostersjokontraktet.se\/fi\/vuoden-2026-kalastuskiintiot-onko-nyt-aika-vaikuttaa\/","title":{"rendered":"Vuoden 2026 kalastuskiinti\u00f6t, onko nyt aika vaikuttaa?"},"content":{"rendered":"\t\t<div data-elementor-type=\"wp-post\" data-elementor-id=\"3034\" class=\"elementor elementor-3034 elementor-3019\">\n\t\t\t\t<div class=\"elementor-element elementor-element-22599b19 e-flex e-con-boxed e-con e-parent\" data-id=\"22599b19\" data-element_type=\"container\">\n\t\t\t\t\t<div class=\"e-con-inner\">\n\t\t\t\t<div class=\"elementor-element elementor-element-48de6c13 elementor-widget elementor-widget-text-editor\" data-id=\"48de6c13\" data-element_type=\"widget\" data-widget_type=\"text-editor.default\">\n\t\t\t\t<div class=\"elementor-widget-container\">\n\t\t\t\t\t\t\t<p>Ensi vuoden kalastuskiinti\u00f6ist\u00e4 p\u00e4\u00e4tt\u00e4minen on alkanut. P\u00e4\u00e4t\u00f6kset tehd\u00e4\u00e4n syksyll\u00e4.<\/p>\n<\/p>\n<p>P\u00e4\u00e4t\u00f6ksentekoperuste viittaa kiinti\u00f6n korotukseen, yh\u00e4 useammat ihmiset suhtautuvat kriittisesti siihen, miten perusta tuotetaan, Ruotsilla on t\u00e4n\u00e4 vuonna suuri vaikutusvalta. It\u00e4meri-sopimuksessa vaaditaan laajamittaisen teollisen kalastuksen t\u00e4ydellist\u00e4 lopettamista ennalta varautumisen periaatteen mukaisesti.<\/p>\n\t\t\t\t\t\t<\/div>\n\t\t\t\t<\/div>\n\t\t\t\t<div class=\"elementor-element elementor-element-242b725 elementor-widget elementor-widget-text-editor\" data-id=\"242b725\" data-element_type=\"widget\" data-widget_type=\"text-editor.default\">\n\t\t\t\t<div class=\"elementor-widget-container\">\n\t\t\t\t\t\t\t<p>Kuten olemme aiemmin korostaneet, Euroopan komission tilaamassa kest\u00e4v\u00e4n enimm\u00e4istuoton ennusteessa on esitetty kiinti\u00f6iden korottamista vuodeksi 2026! Tutkijat sek\u00e4 j\u00e4rjest\u00f6t ja poliitikot ovat kuitenkin tuoneet esiin puutteita ennusteissa ja niihin liittyviss\u00e4 neuvoissa sek\u00e4 siin\u00e4, miten niit\u00e4 k\u00e4ytet\u00e4\u00e4n tai pikemminkin j\u00e4tet\u00e4\u00e4n k\u00e4ytt\u00e4m\u00e4tt\u00e4 esimerkiksi riskinarvioinneissa. Muun muassa. Ruotsi on ehdottanut muutoksia tapaan, jolla Euroopan komissio neuvoo kansainv\u00e4list\u00e4 merentutkimusneuvostoa (ICES). Ehdotus sai laimean vastaanoton muissa It\u00e4meren maissa, mutta se osoittaa, ett\u00e4 edunvalvonta toimii ja ett\u00e4 edunvalvontaa tarvitaan useammassa It\u00e4meren maassa.<\/p>\n\t\t\t\t\t\t<\/div>\n\t\t\t\t<\/div>\n\t\t\t\t<div class=\"elementor-element elementor-element-b31543c elementor-widget elementor-widget-text-editor\" data-id=\"b31543c\" data-element_type=\"widget\" data-widget_type=\"text-editor.default\">\n\t\t\t\t<div class=\"elementor-widget-container\">\n\t\t\t\t\t\t\t<p>Ruotsi toimii nyt Baltfish-j\u00e4rjest\u00f6n puheenjohtajana, ja sill\u00e4 on siten suuri vaikutusvalta It\u00e4meren kiinti\u00f6iden asettamiseen. Euroopan komissio on my\u00f6s k\u00e4ynnist\u00e4nyt julkisen kuulemisen, jossa pyydet\u00e4\u00e4n n\u00e4kemyksi\u00e4 kalastuskiinti\u00f6ist\u00e4 ja kiinti\u00f6iden vahvistamisesta. Lis\u00e4ksi EU on k\u00e4ynnist\u00e4nyt ty\u00f6n merisopimuksen laatimiseksi, jossa It\u00e4meri on nimetty ensisijaiseksi alueeksi. It\u00e4merell\u00e4 t\u00e4m\u00e4n ohjelman mukaiset ty\u00f6t alkavat t\u00e4n\u00e4 vuonna.<\/p>\n<p>Kalastuskiinti\u00f6ist\u00e4 k\u00e4ydyss\u00e4 keskustelussa on esitetty useita rakentavia ehdotuksia. Valmius sek\u00e4 taloudelliset ja kulttuuriset n\u00e4k\u00f6kohdat. Haluamme kiinnitt\u00e4\u00e4 erityist\u00e4 huomiota ehdotukseen varakiinti\u00f6ist\u00e4 eli kiinti\u00f6ist\u00e4, jotka pidet\u00e4\u00e4n meress\u00e4 kriisin ja sodan varalta. N\u00e4ill\u00e4 olisi todellinen vaikutus kantoihin ja ne vahvistaisivat ekosysteemi\u00e4.<\/p>\n\t\t\t\t\t\t<\/div>\n\t\t\t\t<\/div>\n\t\t\t\t<div class=\"elementor-element elementor-element-aeca947 elementor-widget elementor-widget-text-editor\" data-id=\"aeca947\" data-element_type=\"widget\" data-widget_type=\"text-editor.default\">\n\t\t\t\t<div class=\"elementor-widget-container\">\n\t\t\t\t\t\t\t<p>Kalakannat ovat edelleen haavoittuvia, mutta on n\u00e4ht\u00e4viss\u00e4 merkkej\u00e4 siit\u00e4, ett\u00e4 j\u00e4rjestelm\u00e4\u00e4 voidaan muuttaa ja ett\u00e4 muutosvoimat vahvistuvat. Me It\u00e4meri-sopimuksessa olemme eritt\u00e4in sitoutuneita t\u00e4h\u00e4n asiaan, ja toivomme, ett\u00e4 autatte meit\u00e4 levitt\u00e4m\u00e4ll\u00e4 sopimusta edelleen, sill\u00e4 jokainen uusi sopimus vahvistaa \u00e4\u00e4nt\u00e4mme ja lis\u00e4\u00e4 vaikutusvaltaamme poliitikkoihin, viranomaisiin ja muihin tahoihin.<\/p>\n<p>Viel\u00e4 on mahdollista osallistua Euroopan komission kuulemisiin ja saada \u00e4\u00e4nesi kuuluviin!<\/p>\n<p>Linkit:<\/p>\n<p><a href=\"https:\/\/www.su.se\/stockholms-universitets-ostersjocentrum\/nyheter\/ices-r%C3%A5dgivning-kan-leda-till-olagliga-sillkvoter-1.827219\">Kalastuskiinti\u00f6ist\u00e4 It\u00e4merikeskuksessa<\/a><\/p>\n<p><a href=\"https:\/\/www.ostersjokontraktet.se\/fi\/nyt-voimme-vaikuttaa-ensi-vuoden-kalastuskiintioihin\/\">EU:n komission kuulemisesta<\/a><\/p>\n\t\t\t\t\t\t<\/div>\n\t\t\t\t<\/div>\n\t\t\t\t<div class=\"elementor-element elementor-element-49f6e3b1 elementor-widget elementor-widget-button\" data-id=\"49f6e3b1\" data-element_type=\"widget\" data-widget_type=\"button.default\">\n\t\t\t\t<div class=\"elementor-widget-container\">\n\t\t\t\t\t\t\t<div class=\"elementor-button-wrapper\">\n\t\t\t\t\t<a class=\"elementor-button elementor-button-link elementor-size-sm\" href=\"https:\/\/www.ostersjokontraktet.se\/fi\/\">\n\t\t\t\t\t\t<span class=\"elementor-button-content-wrapper\">\n\t\t\t\t\t\t\t\t\t<span class=\"elementor-button-text\">Allekirjoita t\u00e4h\u00e4n<\/span>\n\t\t\t\t\t<\/span>\n\t\t\t\t\t<\/a>\n\t\t\t\t<\/div>\n\t\t\t\t\t\t<\/div>\n\t\t\t\t<\/div>\n\t\t\t\t\t<\/div>\n\t\t\t\t<\/div>\n\t\t\t\t<\/div>\n\t\t","protected":false},"excerpt":{"rendered":"<p>Ensi vuoden kalastuskiinti\u00f6ist\u00e4 p\u00e4\u00e4tt\u00e4minen on alkanut. P\u00e4\u00e4t\u00f6kset tehd\u00e4\u00e4n syksyll\u00e4. P\u00e4\u00e4t\u00f6ksentekoperuste viittaa kiinti\u00f6n korotukseen, yh\u00e4 useammat ihmiset suhtautuvat kriittisesti siihen, miten perusta tuotetaan, Ruotsilla on t\u00e4n\u00e4 vuonna suuri vaikutusvalta. It\u00e4meri-sopimuksessa vaaditaan laajamittaisen teollisen kalastuksen t\u00e4ydellist\u00e4 lopettamista ennalta varautumisen periaatteen mukaisesti. Kuten olemme aiemmin korostaneet, Euroopan komission tilaamassa kest\u00e4v\u00e4n enimm\u00e4istuoton ennusteessa on esitetty kiinti\u00f6iden korottamista vuodeksi 2026! [&hellip;]<\/p>\n","protected":false},"author":9,"featured_media":3022,"comment_status":"closed","ping_status":"closed","sticky":false,"template":"","format":"standard","meta":{"footnotes":""},"categories":[1],"tags":[],"class_list":["post-3034","post","type-post","status-publish","format-standard","has-post-thumbnail","hentry","category-okategoriserad"],"yoast_head":"<!-- This site is optimized with the Yoast SEO plugin v27.2 - https:\/\/yoast.com\/product\/yoast-seo-wordpress\/ -->\n<title>Vuoden 2026 kalastuskiinti\u00f6t, onko nyt aika vaikuttaa? - \u00d6stersj\u00f6kontraktet<\/title>\n<meta name=\"robots\" content=\"index, follow, max-snippet:-1, max-image-preview:large, max-video-preview:-1\" \/>\n<link rel=\"canonical\" href=\"https:\/\/www.ostersjokontraktet.se\/fi\/vuoden-2026-kalastuskiintiot-onko-nyt-aika-vaikuttaa\/\" \/>\n<meta property=\"og:locale\" content=\"fi_FI\" \/>\n<meta property=\"og:type\" content=\"article\" \/>\n<meta property=\"og:title\" content=\"Vuoden 2026 kalastuskiinti\u00f6t, onko nyt aika vaikuttaa? - \u00d6stersj\u00f6kontraktet\" \/>\n<meta property=\"og:description\" content=\"Ensi vuoden kalastuskiinti\u00f6ist\u00e4 p\u00e4\u00e4tt\u00e4minen on alkanut. P\u00e4\u00e4t\u00f6kset tehd\u00e4\u00e4n syksyll\u00e4. P\u00e4\u00e4t\u00f6ksentekoperuste viittaa kiinti\u00f6n korotukseen, yh\u00e4 useammat ihmiset suhtautuvat kriittisesti siihen, miten perusta tuotetaan, Ruotsilla on t\u00e4n\u00e4 vuonna suuri vaikutusvalta. It\u00e4meri-sopimuksessa vaaditaan laajamittaisen teollisen kalastuksen t\u00e4ydellist\u00e4 lopettamista ennalta varautumisen periaatteen mukaisesti. Kuten olemme aiemmin korostaneet, Euroopan komission tilaamassa kest\u00e4v\u00e4n enimm\u00e4istuoton ennusteessa on esitetty kiinti\u00f6iden korottamista vuodeksi 2026! [&hellip;]\" \/>\n<meta property=\"og:url\" content=\"https:\/\/www.ostersjokontraktet.se\/fi\/vuoden-2026-kalastuskiintiot-onko-nyt-aika-vaikuttaa\/\" \/>\n<meta property=\"og:site_name\" content=\"\u00d6stersj\u00f6kontraktet\" \/>\n<meta property=\"article:published_time\" content=\"2025-08-20T16:25:20+00:00\" \/>\n<meta property=\"article:modified_time\" content=\"2026-01-22T08:32:30+00:00\" \/>\n<meta property=\"og:image\" content=\"https:\/\/www.ostersjokontraktet.se\/wp-content\/uploads\/2025\/08\/Tralare-aug-25.png\" \/>\n\t<meta property=\"og:image:width\" content=\"1200\" \/>\n\t<meta property=\"og:image:height\" content=\"628\" \/>\n\t<meta property=\"og:image:type\" content=\"image\/png\" \/>\n<meta name=\"author\" content=\"Claes Bruhn\" \/>\n<meta name=\"twitter:card\" content=\"summary_large_image\" \/>\n<meta name=\"twitter:label1\" content=\"Kirjoittanut\" \/>\n\t<meta name=\"twitter:data1\" content=\"Claes Bruhn\" \/>\n\t<meta name=\"twitter:label2\" content=\"Arvioitu lukuaika\" \/>\n\t<meta name=\"twitter:data2\" content=\"2 minuuttia\" \/>\n<script type=\"application\/ld+json\" class=\"yoast-schema-graph\">{\"@context\":\"https:\/\/schema.org\",\"@graph\":[{\"@type\":\"Article\",\"@id\":\"https:\/\/www.ostersjokontraktet.se\/fi\/vuoden-2026-kalastuskiintiot-onko-nyt-aika-vaikuttaa\/#article\",\"isPartOf\":{\"@id\":\"https:\/\/www.ostersjokontraktet.se\/fi\/vuoden-2026-kalastuskiintiot-onko-nyt-aika-vaikuttaa\/\"},\"author\":{\"name\":\"Claes Bruhn\",\"@id\":\"https:\/\/www.ostersjokontraktet.se\/fi\/#\/schema\/person\/f0ddeaea4e9c4209553797268af11123\"},\"headline\":\"Vuoden 2026 kalastuskiinti\u00f6t, onko nyt aika vaikuttaa?\",\"datePublished\":\"2025-08-20T16:25:20+00:00\",\"dateModified\":\"2026-01-22T08:32:30+00:00\",\"mainEntityOfPage\":{\"@id\":\"https:\/\/www.ostersjokontraktet.se\/fi\/vuoden-2026-kalastuskiintiot-onko-nyt-aika-vaikuttaa\/\"},\"wordCount\":345,\"publisher\":{\"@id\":\"https:\/\/www.ostersjokontraktet.se\/fi\/#organization\"},\"image\":{\"@id\":\"https:\/\/www.ostersjokontraktet.se\/fi\/vuoden-2026-kalastuskiintiot-onko-nyt-aika-vaikuttaa\/#primaryimage\"},\"thumbnailUrl\":\"https:\/\/www.ostersjokontraktet.se\/wp-content\/uploads\/2025\/08\/Tralare-aug-25.png\",\"articleSection\":[\"Okategoriserad\"],\"inLanguage\":\"fi\"},{\"@type\":\"WebPage\",\"@id\":\"https:\/\/www.ostersjokontraktet.se\/fi\/vuoden-2026-kalastuskiintiot-onko-nyt-aika-vaikuttaa\/\",\"url\":\"https:\/\/www.ostersjokontraktet.se\/fi\/vuoden-2026-kalastuskiintiot-onko-nyt-aika-vaikuttaa\/\",\"name\":\"Vuoden 2026 kalastuskiinti\u00f6t, onko nyt aika vaikuttaa? - \u00d6stersj\u00f6kontraktet\",\"isPartOf\":{\"@id\":\"https:\/\/www.ostersjokontraktet.se\/fi\/#website\"},\"primaryImageOfPage\":{\"@id\":\"https:\/\/www.ostersjokontraktet.se\/fi\/vuoden-2026-kalastuskiintiot-onko-nyt-aika-vaikuttaa\/#primaryimage\"},\"image\":{\"@id\":\"https:\/\/www.ostersjokontraktet.se\/fi\/vuoden-2026-kalastuskiintiot-onko-nyt-aika-vaikuttaa\/#primaryimage\"},\"thumbnailUrl\":\"https:\/\/www.ostersjokontraktet.se\/wp-content\/uploads\/2025\/08\/Tralare-aug-25.png\",\"datePublished\":\"2025-08-20T16:25:20+00:00\",\"dateModified\":\"2026-01-22T08:32:30+00:00\",\"breadcrumb\":{\"@id\":\"https:\/\/www.ostersjokontraktet.se\/fi\/vuoden-2026-kalastuskiintiot-onko-nyt-aika-vaikuttaa\/#breadcrumb\"},\"inLanguage\":\"fi\",\"potentialAction\":[{\"@type\":\"ReadAction\",\"target\":[\"https:\/\/www.ostersjokontraktet.se\/fi\/vuoden-2026-kalastuskiintiot-onko-nyt-aika-vaikuttaa\/\"]}]},{\"@type\":\"ImageObject\",\"inLanguage\":\"fi\",\"@id\":\"https:\/\/www.ostersjokontraktet.se\/fi\/vuoden-2026-kalastuskiintiot-onko-nyt-aika-vaikuttaa\/#primaryimage\",\"url\":\"https:\/\/www.ostersjokontraktet.se\/wp-content\/uploads\/2025\/08\/Tralare-aug-25.png\",\"contentUrl\":\"https:\/\/www.ostersjokontraktet.se\/wp-content\/uploads\/2025\/08\/Tralare-aug-25.png\",\"width\":1200,\"height\":628},{\"@type\":\"BreadcrumbList\",\"@id\":\"https:\/\/www.ostersjokontraktet.se\/fi\/vuoden-2026-kalastuskiintiot-onko-nyt-aika-vaikuttaa\/#breadcrumb\",\"itemListElement\":[{\"@type\":\"ListItem\",\"position\":1,\"name\":\"Home\",\"item\":\"https:\/\/www.ostersjokontraktet.se\/fi\/etusivu\/\"},{\"@type\":\"ListItem\",\"position\":2,\"name\":\"Vuoden 2026 kalastuskiinti\u00f6t, onko nyt aika vaikuttaa?\"}]},{\"@type\":\"WebSite\",\"@id\":\"https:\/\/www.ostersjokontraktet.se\/fi\/#website\",\"url\":\"https:\/\/www.ostersjokontraktet.se\/fi\/\",\"name\":\"\u00d6stersj\u00f6kontraktet\",\"description\":\"\",\"publisher\":{\"@id\":\"https:\/\/www.ostersjokontraktet.se\/fi\/#organization\"},\"potentialAction\":[{\"@type\":\"SearchAction\",\"target\":{\"@type\":\"EntryPoint\",\"urlTemplate\":\"https:\/\/www.ostersjokontraktet.se\/fi\/?s={search_term_string}\"},\"query-input\":{\"@type\":\"PropertyValueSpecification\",\"valueRequired\":true,\"valueName\":\"search_term_string\"}}],\"inLanguage\":\"fi\"},{\"@type\":\"Organization\",\"@id\":\"https:\/\/www.ostersjokontraktet.se\/fi\/#organization\",\"name\":\"\u00d6stersj\u00f6kontraktet\",\"url\":\"https:\/\/www.ostersjokontraktet.se\/fi\/\",\"logo\":{\"@type\":\"ImageObject\",\"inLanguage\":\"fi\",\"@id\":\"https:\/\/www.ostersjokontraktet.se\/fi\/#\/schema\/logo\/image\/\",\"url\":\"https:\/\/www.ostersjokontraktet.se\/wp-content\/uploads\/2023\/12\/cropped-Ostersjokontraktet_primar-logga_CMYK.png\",\"contentUrl\":\"https:\/\/www.ostersjokontraktet.se\/wp-content\/uploads\/2023\/12\/cropped-Ostersjokontraktet_primar-logga_CMYK.png\",\"width\":1000,\"height\":707,\"caption\":\"\u00d6stersj\u00f6kontraktet\"},\"image\":{\"@id\":\"https:\/\/www.ostersjokontraktet.se\/fi\/#\/schema\/logo\/image\/\"}},{\"@type\":\"Person\",\"@id\":\"https:\/\/www.ostersjokontraktet.se\/fi\/#\/schema\/person\/f0ddeaea4e9c4209553797268af11123\",\"name\":\"Claes Bruhn\",\"image\":{\"@type\":\"ImageObject\",\"inLanguage\":\"fi\",\"@id\":\"https:\/\/secure.gravatar.com\/avatar\/daed161713e4a088999a8cb2ec2e40e6f6c8ca7193ee9303bca1a8074f3ddf49?s=96&d=mm&r=g\",\"url\":\"https:\/\/secure.gravatar.com\/avatar\/daed161713e4a088999a8cb2ec2e40e6f6c8ca7193ee9303bca1a8074f3ddf49?s=96&d=mm&r=g\",\"contentUrl\":\"https:\/\/secure.gravatar.com\/avatar\/daed161713e4a088999a8cb2ec2e40e6f6c8ca7193ee9303bca1a8074f3ddf49?s=96&d=mm&r=g\",\"caption\":\"Claes Bruhn\"},\"sameAs\":[\"http:\/\/www.ostersjokontraktet.se\"],\"url\":\"https:\/\/www.ostersjokontraktet.se\/fi\/author\/claes\/\"}]}<\/script>\n<!-- \/ Yoast SEO plugin. -->","yoast_head_json":{"title":"Vuoden 2026 kalastuskiinti\u00f6t, onko nyt aika vaikuttaa? - \u00d6stersj\u00f6kontraktet","robots":{"index":"index","follow":"follow","max-snippet":"max-snippet:-1","max-image-preview":"max-image-preview:large","max-video-preview":"max-video-preview:-1"},"canonical":"https:\/\/www.ostersjokontraktet.se\/fi\/vuoden-2026-kalastuskiintiot-onko-nyt-aika-vaikuttaa\/","og_locale":"fi_FI","og_type":"article","og_title":"Vuoden 2026 kalastuskiinti\u00f6t, onko nyt aika vaikuttaa? - \u00d6stersj\u00f6kontraktet","og_description":"Ensi vuoden kalastuskiinti\u00f6ist\u00e4 p\u00e4\u00e4tt\u00e4minen on alkanut. P\u00e4\u00e4t\u00f6kset tehd\u00e4\u00e4n syksyll\u00e4. P\u00e4\u00e4t\u00f6ksentekoperuste viittaa kiinti\u00f6n korotukseen, yh\u00e4 useammat ihmiset suhtautuvat kriittisesti siihen, miten perusta tuotetaan, Ruotsilla on t\u00e4n\u00e4 vuonna suuri vaikutusvalta. It\u00e4meri-sopimuksessa vaaditaan laajamittaisen teollisen kalastuksen t\u00e4ydellist\u00e4 lopettamista ennalta varautumisen periaatteen mukaisesti. Kuten olemme aiemmin korostaneet, Euroopan komission tilaamassa kest\u00e4v\u00e4n enimm\u00e4istuoton ennusteessa on esitetty kiinti\u00f6iden korottamista vuodeksi 2026! [&hellip;]","og_url":"https:\/\/www.ostersjokontraktet.se\/fi\/vuoden-2026-kalastuskiintiot-onko-nyt-aika-vaikuttaa\/","og_site_name":"\u00d6stersj\u00f6kontraktet","article_published_time":"2025-08-20T16:25:20+00:00","article_modified_time":"2026-01-22T08:32:30+00:00","og_image":[{"width":1200,"height":628,"url":"https:\/\/www.ostersjokontraktet.se\/wp-content\/uploads\/2025\/08\/Tralare-aug-25.png","type":"image\/png"}],"author":"Claes Bruhn","twitter_card":"summary_large_image","twitter_misc":{"Kirjoittanut":"Claes Bruhn","Arvioitu lukuaika":"2 minuuttia"},"schema":{"@context":"https:\/\/schema.org","@graph":[{"@type":"Article","@id":"https:\/\/www.ostersjokontraktet.se\/fi\/vuoden-2026-kalastuskiintiot-onko-nyt-aika-vaikuttaa\/#article","isPartOf":{"@id":"https:\/\/www.ostersjokontraktet.se\/fi\/vuoden-2026-kalastuskiintiot-onko-nyt-aika-vaikuttaa\/"},"author":{"name":"Claes Bruhn","@id":"https:\/\/www.ostersjokontraktet.se\/fi\/#\/schema\/person\/f0ddeaea4e9c4209553797268af11123"},"headline":"Vuoden 2026 kalastuskiinti\u00f6t, onko nyt aika vaikuttaa?","datePublished":"2025-08-20T16:25:20+00:00","dateModified":"2026-01-22T08:32:30+00:00","mainEntityOfPage":{"@id":"https:\/\/www.ostersjokontraktet.se\/fi\/vuoden-2026-kalastuskiintiot-onko-nyt-aika-vaikuttaa\/"},"wordCount":345,"publisher":{"@id":"https:\/\/www.ostersjokontraktet.se\/fi\/#organization"},"image":{"@id":"https:\/\/www.ostersjokontraktet.se\/fi\/vuoden-2026-kalastuskiintiot-onko-nyt-aika-vaikuttaa\/#primaryimage"},"thumbnailUrl":"https:\/\/www.ostersjokontraktet.se\/wp-content\/uploads\/2025\/08\/Tralare-aug-25.png","articleSection":["Okategoriserad"],"inLanguage":"fi"},{"@type":"WebPage","@id":"https:\/\/www.ostersjokontraktet.se\/fi\/vuoden-2026-kalastuskiintiot-onko-nyt-aika-vaikuttaa\/","url":"https:\/\/www.ostersjokontraktet.se\/fi\/vuoden-2026-kalastuskiintiot-onko-nyt-aika-vaikuttaa\/","name":"Vuoden 2026 kalastuskiinti\u00f6t, onko nyt aika vaikuttaa? - \u00d6stersj\u00f6kontraktet","isPartOf":{"@id":"https:\/\/www.ostersjokontraktet.se\/fi\/#website"},"primaryImageOfPage":{"@id":"https:\/\/www.ostersjokontraktet.se\/fi\/vuoden-2026-kalastuskiintiot-onko-nyt-aika-vaikuttaa\/#primaryimage"},"image":{"@id":"https:\/\/www.ostersjokontraktet.se\/fi\/vuoden-2026-kalastuskiintiot-onko-nyt-aika-vaikuttaa\/#primaryimage"},"thumbnailUrl":"https:\/\/www.ostersjokontraktet.se\/wp-content\/uploads\/2025\/08\/Tralare-aug-25.png","datePublished":"2025-08-20T16:25:20+00:00","dateModified":"2026-01-22T08:32:30+00:00","breadcrumb":{"@id":"https:\/\/www.ostersjokontraktet.se\/fi\/vuoden-2026-kalastuskiintiot-onko-nyt-aika-vaikuttaa\/#breadcrumb"},"inLanguage":"fi","potentialAction":[{"@type":"ReadAction","target":["https:\/\/www.ostersjokontraktet.se\/fi\/vuoden-2026-kalastuskiintiot-onko-nyt-aika-vaikuttaa\/"]}]},{"@type":"ImageObject","inLanguage":"fi","@id":"https:\/\/www.ostersjokontraktet.se\/fi\/vuoden-2026-kalastuskiintiot-onko-nyt-aika-vaikuttaa\/#primaryimage","url":"https:\/\/www.ostersjokontraktet.se\/wp-content\/uploads\/2025\/08\/Tralare-aug-25.png","contentUrl":"https:\/\/www.ostersjokontraktet.se\/wp-content\/uploads\/2025\/08\/Tralare-aug-25.png","width":1200,"height":628},{"@type":"BreadcrumbList","@id":"https:\/\/www.ostersjokontraktet.se\/fi\/vuoden-2026-kalastuskiintiot-onko-nyt-aika-vaikuttaa\/#breadcrumb","itemListElement":[{"@type":"ListItem","position":1,"name":"Home","item":"https:\/\/www.ostersjokontraktet.se\/fi\/etusivu\/"},{"@type":"ListItem","position":2,"name":"Vuoden 2026 kalastuskiinti\u00f6t, onko nyt aika vaikuttaa?"}]},{"@type":"WebSite","@id":"https:\/\/www.ostersjokontraktet.se\/fi\/#website","url":"https:\/\/www.ostersjokontraktet.se\/fi\/","name":"\u00d6stersj\u00f6kontraktet","description":"","publisher":{"@id":"https:\/\/www.ostersjokontraktet.se\/fi\/#organization"},"potentialAction":[{"@type":"SearchAction","target":{"@type":"EntryPoint","urlTemplate":"https:\/\/www.ostersjokontraktet.se\/fi\/?s={search_term_string}"},"query-input":{"@type":"PropertyValueSpecification","valueRequired":true,"valueName":"search_term_string"}}],"inLanguage":"fi"},{"@type":"Organization","@id":"https:\/\/www.ostersjokontraktet.se\/fi\/#organization","name":"\u00d6stersj\u00f6kontraktet","url":"https:\/\/www.ostersjokontraktet.se\/fi\/","logo":{"@type":"ImageObject","inLanguage":"fi","@id":"https:\/\/www.ostersjokontraktet.se\/fi\/#\/schema\/logo\/image\/","url":"https:\/\/www.ostersjokontraktet.se\/wp-content\/uploads\/2023\/12\/cropped-Ostersjokontraktet_primar-logga_CMYK.png","contentUrl":"https:\/\/www.ostersjokontraktet.se\/wp-content\/uploads\/2023\/12\/cropped-Ostersjokontraktet_primar-logga_CMYK.png","width":1000,"height":707,"caption":"\u00d6stersj\u00f6kontraktet"},"image":{"@id":"https:\/\/www.ostersjokontraktet.se\/fi\/#\/schema\/logo\/image\/"}},{"@type":"Person","@id":"https:\/\/www.ostersjokontraktet.se\/fi\/#\/schema\/person\/f0ddeaea4e9c4209553797268af11123","name":"Claes Bruhn","image":{"@type":"ImageObject","inLanguage":"fi","@id":"https:\/\/secure.gravatar.com\/avatar\/daed161713e4a088999a8cb2ec2e40e6f6c8ca7193ee9303bca1a8074f3ddf49?s=96&d=mm&r=g","url":"https:\/\/secure.gravatar.com\/avatar\/daed161713e4a088999a8cb2ec2e40e6f6c8ca7193ee9303bca1a8074f3ddf49?s=96&d=mm&r=g","contentUrl":"https:\/\/secure.gravatar.com\/avatar\/daed161713e4a088999a8cb2ec2e40e6f6c8ca7193ee9303bca1a8074f3ddf49?s=96&d=mm&r=g","caption":"Claes Bruhn"},"sameAs":["http:\/\/www.ostersjokontraktet.se"],"url":"https:\/\/www.ostersjokontraktet.se\/fi\/author\/claes\/"}]}},"_links":{"self":[{"href":"https:\/\/www.ostersjokontraktet.se\/fi\/wp-json\/wp\/v2\/posts\/3034","targetHints":{"allow":["GET"]}}],"collection":[{"href":"https:\/\/www.ostersjokontraktet.se\/fi\/wp-json\/wp\/v2\/posts"}],"about":[{"href":"https:\/\/www.ostersjokontraktet.se\/fi\/wp-json\/wp\/v2\/types\/post"}],"author":[{"embeddable":true,"href":"https:\/\/www.ostersjokontraktet.se\/fi\/wp-json\/wp\/v2\/users\/9"}],"replies":[{"embeddable":true,"href":"https:\/\/www.ostersjokontraktet.se\/fi\/wp-json\/wp\/v2\/comments?post=3034"}],"version-history":[{"count":3,"href":"https:\/\/www.ostersjokontraktet.se\/fi\/wp-json\/wp\/v2\/posts\/3034\/revisions"}],"predecessor-version":[{"id":3053,"href":"https:\/\/www.ostersjokontraktet.se\/fi\/wp-json\/wp\/v2\/posts\/3034\/revisions\/3053"}],"wp:featuredmedia":[{"embeddable":true,"href":"https:\/\/www.ostersjokontraktet.se\/fi\/wp-json\/wp\/v2\/media\/3022"}],"wp:attachment":[{"href":"https:\/\/www.ostersjokontraktet.se\/fi\/wp-json\/wp\/v2\/media?parent=3034"}],"wp:term":[{"taxonomy":"category","embeddable":true,"href":"https:\/\/www.ostersjokontraktet.se\/fi\/wp-json\/wp\/v2\/categories?post=3034"},{"taxonomy":"post_tag","embeddable":true,"href":"https:\/\/www.ostersjokontraktet.se\/fi\/wp-json\/wp\/v2\/tags?post=3034"}],"curies":[{"name":"wp","href":"https:\/\/api.w.org\/{rel}","templated":true}]}}